{"id":46,"date":"2015-04-07T12:41:42","date_gmt":"2015-04-07T12:41:42","guid":{"rendered":"http:\/\/www.ambulartoorium.ee\/?p=46"},"modified":"2015-04-07T13:34:41","modified_gmt":"2015-04-07T13:34:41","slug":"fotokoolituste-hooaeg-avaneb","status":"publish","type":"post","link":"https:\/\/www.ambulartoorium.ee\/?p=46","title":{"rendered":"Fotokoolituste hooaeg avaneb"},"content":{"rendered":"<p>Fotolaager 8.-10. mai 2015<\/p>\n<p>K\u00fclalis\u00f5ppej\u00f5una veab kursust\u00a0<a title=\"Pimik\" href=\"http:\/\/pimik.eu\/\" target=\"_blank\">Pimiku<\/a> fotograaf\u00a0<strong>Andres Keili<\/strong> ning talle sekundeerib <em>stencil<\/em>-kunstnik <strong>Indrek Haas<\/strong>. Eraldiseisvat loengut on oodatud pidama ka <a title=\"Fotoajakiri Positiv\" href=\"http:\/\/positiiv.ee\/\" target=\"_blank\">fotoajakirja Positiiv<\/a> peatoimetaja <strong>Kristel Schwede<\/strong> ning v\u00e4ikese, kuid olulise lisas\u00fcndmusena avatakse laagrip\u00e4evade jooksul kunstimajas ka professor <strong>Jaak Kikase<\/strong> <a title=\"Jaak Kikase foton\u00e4itus\" href=\"http:\/\/novaator.err.ee\/v\/teadusmaailma_galeriid\/8dafe7f3-e0a2-4b21-9d4a-71ae285ed4c5\" target=\"_blank\">foton\u00e4itus<\/a>.<\/p>\n<p>Nagu aimata v\u00f5ib, ootab ees \u00e4\u00e4rmiselt intensiivne ja sisutihe 3-p\u00e4evane <em>workshop<\/em>. Andres Keil portretistina v\u00f5tab ette praktilise stuudiokoolituse \u2013 \u00f5pime pildistama modelli tehisvalguses (kasutame stuudiovarustust) ning v\u00f5rdleme protsessi fotografeerimisega naturaalvalguses. Ning kui fotod valmis, kasutame neidsamu taieseid <em>stencil<\/em>-portreede loomiseks \u2013 juhendajaks siinkohal Eesti t\u00e4navakunstis tuntud Indrek Haas ehk kunstnikunimega<a title=\"Von Bomb\" href=\"http:\/\/vonbomb.blogspot.com\/\" target=\"_blank\">Von Bomb<\/a>. K\u00f5ik kursusel osalejad saavad kohapeal luua oma <em>stencil<\/em>-maali, mille saab koos uute oskustega trofeena koju kaasa v\u00f5tta.<\/p>\n<p><strong><br \/>\nAeg:<\/strong>\u00a08.-10. mai 2015<br \/>\n<strong>Kursuse maksumus:<\/strong> 110 eurot<strong>*<\/strong> (vt t\u00e4psemalt\u00a0http:\/\/www.fotobrigaad.ee\/)<br \/>\n<strong>Maksimaalne osalejate arv:<\/strong>\u00a015<\/p>\n","protected":false},"excerpt":{"rendered":"<p>Fotolaager 8.-10. mai 2015 K\u00fclalis\u00f5ppej\u00f5una veab kursust\u00a0Pimiku fotograaf\u00a0Andres Keili ning talle sekundeerib stencil-kunstnik Indrek Haas. Eraldiseisvat loengut on oodatud pidama ka fotoajakirja Positiiv peatoimetaja Kristel Schwede ning v\u00e4ikese, kuid olulise lisas\u00fcndmusena avatakse laagrip\u00e4evade jooksul kunstimajas ka professor Jaak Kikase foton\u00e4itus. Nagu aimata v\u00f5ib, ootab ees \u00e4\u00e4rmiselt intensiivne ja sisutihe 3-p\u00e4evane workshop. Andres Keil portretistina v\u00f5tab<\/p>\n<p><a class=\"button\" href=\"https:\/\/www.ambulartoorium.ee\/?p=46\" title=\"More\">  Read More \u2192<\/a><\/p>\n","protected":false},"author":1,"featured_media":0,"comment_status":"closed","ping_status":"open","sticky":false,"template":"","format":"standard","meta":{"footnotes":""},"categories":[4,6],"tags":[],"_links":{"self":[{"href":"https:\/\/www.ambulartoorium.ee\/index.php?rest_route=\/wp\/v2\/posts\/46"}],"collection":[{"href":"https:\/\/www.ambulartoorium.ee\/index.php?rest_route=\/wp\/v2\/posts"}],"about":[{"href":"https:\/\/www.ambulartoorium.ee\/index.php?rest_route=\/wp\/v2\/types\/post"}],"author":[{"embeddable":true,"href":"https:\/\/www.ambulartoorium.ee\/index.php?rest_route=\/wp\/v2\/users\/1"}],"replies":[{"embeddable":true,"href":"https:\/\/www.ambulartoorium.ee\/index.php?rest_route=%2Fwp%2Fv2%2Fcomments&post=46"}],"version-history":[{"count":4,"href":"https:\/\/www.ambulartoorium.ee\/index.php?rest_route=\/wp\/v2\/posts\/46\/revisions"}],"predecessor-version":[{"id":85,"href":"https:\/\/www.ambulartoorium.ee\/index.php?rest_route=\/wp\/v2\/posts\/46\/revisions\/85"}],"wp:attachment":[{"href":"https:\/\/www.ambulartoorium.ee\/index.php?rest_route=%2Fwp%2Fv2%2Fmedia&parent=46"}],"wp:term":[{"taxonomy":"category","embeddable":true,"href":"https:\/\/www.ambulartoorium.ee\/index.php?rest_route=%2Fwp%2Fv2%2Fcategories&post=46"},{"taxonomy":"post_tag","embeddable":true,"href":"https:\/\/www.ambulartoorium.ee\/index.php?rest_route=%2Fwp%2Fv2%2Ftags&post=46"}],"curies":[{"name":"wp","href":"https:\/\/api.w.org\/{rel}","templated":true}]}}